{"id":5645,"date":"2024-05-15T11:45:23","date_gmt":"2024-05-15T09:45:23","guid":{"rendered":"https:\/\/timgad.com\/jan-isla-conquista-la-cursa-interempreses-can-gavarra-2024\/"},"modified":"2024-05-15T11:57:38","modified_gmt":"2024-05-15T09:57:38","slug":"en-jan-isla-conquesta-la-cursa-interempreses-can-gavarra-2024","status":"publish","type":"post","link":"https:\/\/timgad.com\/ca\/en-jan-isla-conquesta-la-cursa-interempreses-can-gavarra-2024\/","title":{"rendered":"En Jan Isla conquesta la Cursa Interempreses Can Gavarra 2024"},"content":{"rendered":"<div class=\"fusion-fullwidth fullwidth-box fusion-builder-row-1 fusion-flex-container nonhundred-percent-fullwidth non-hundred-percent-height-scrolling\" style=\"--awb-border-radius-top-left:0px;--awb-border-radius-top-right:0px;--awb-border-radius-bottom-right:0px;--awb-border-radius-bottom-left:0px;--awb-flex-wrap:wrap;\" ><div class=\"fusion-builder-row fusion-row fusion-flex-align-items-flex-start fusion-flex-content-wrap\" style=\"max-width:1300px;margin-left: calc(-4% \/ 2 );margin-right: calc(-4% \/ 2 );\"><div class=\"fusion-layout-column fusion_builder_column fusion-builder-column-0 fusion_builder_column_1_2 1_2 fusion-flex-column\" style=\"--awb-bg-size:cover;--awb-width-large:50%;--awb-margin-top-large:20px;--awb-spacing-right-large:3.84%;--awb-margin-bottom-large:20px;--awb-spacing-left-large:3.84%;--awb-width-medium:50%;--awb-order-medium:0;--awb-spacing-right-medium:3.84%;--awb-spacing-left-medium:3.84%;--awb-width-small:100%;--awb-order-small:0;--awb-spacing-right-small:1.92%;--awb-spacing-left-small:1.92%;\" data-scroll-devices=\"small-visibility,medium-visibility,large-visibility\"><div class=\"fusion-column-wrapper fusion-column-has-shadow fusion-flex-justify-content-center fusion-content-layout-column\"><div class=\"fusion-text fusion-text-1\" style=\"--awb-content-alignment:justify;\"><p>A <strong>Timgad<\/strong>, ens sentim enormement orgullosos de fer costat a les joves promeses. Una vegada m\u00e9s, celebrem el triomf d&#8217;en\u00a0<strong>Jan Isla<\/strong>, un jove atleta que es va proclamar\u00a0<strong>vencedor absolut<\/strong> amb el dorsal 28 en la segona edici\u00f3 de la\u00a0<strong>Cursa Interempreses de Poliny\u00e0<\/strong>, celebrada el passat 20 d&#8217;abril. La competici\u00f3 va comptar amb la participaci\u00f3 de 200 corredors de 18 empreses de l&#8217;<strong>Eix de la Ribera de Caldes<\/strong>.<\/p>\n<p>En Jan es va convertir en el\u00a0<strong>corredor m\u00e9s r\u00e0pid<\/strong> de la prova, completant el recorregut de <strong>6,40 quil\u00f2metres<\/strong> en un temps de <strong>21 minuts i 54 segons<\/strong>. Aquest nou \u00e8xit d&#8217;en Jan en la Cursa Interempreses de Poliny\u00e0 se suma a la seva prometedora carrera esportiva.<\/p>\n<\/div><\/div><\/div><div class=\"fusion-layout-column fusion_builder_column fusion-builder-column-1 fusion_builder_column_1_2 1_2 fusion-flex-column fusion-flex-align-self-center\" style=\"--awb-bg-size:cover;--awb-width-large:50%;--awb-margin-top-large:0px;--awb-spacing-right-large:3.84%;--awb-margin-bottom-large:20px;--awb-spacing-left-large:3.84%;--awb-width-medium:50%;--awb-order-medium:0;--awb-spacing-right-medium:3.84%;--awb-spacing-left-medium:3.84%;--awb-width-small:100%;--awb-order-small:0;--awb-spacing-right-small:1.92%;--awb-spacing-left-small:1.92%;\" data-scroll-devices=\"small-visibility,medium-visibility,large-visibility\"><div class=\"fusion-column-wrapper fusion-column-has-shadow fusion-flex-justify-content-center fusion-content-layout-column\"><div class=\"fusion-image-element \" style=\"--awb-caption-title-font-family:var(--h2_typography-font-family);--awb-caption-title-font-weight:var(--h2_typography-font-weight);--awb-caption-title-font-style:var(--h2_typography-font-style);--awb-caption-title-size:var(--h2_typography-font-size);--awb-caption-title-transform:var(--h2_typography-text-transform);--awb-caption-title-line-height:var(--h2_typography-line-height);--awb-caption-title-letter-spacing:var(--h2_typography-letter-spacing);\"><span class=\" fusion-imageframe imageframe-none imageframe-1 hover-type-none\"><img decoding=\"async\" width=\"600\" height=\"600\" alt=\"Jan Isla ganador absoluto.\" title=\"podium\" src=\"https:\/\/timgad.com\/wp-content\/uploads\/podium.webp\" class=\"img-responsive wp-image-5628\" srcset=\"https:\/\/timgad.com\/wp-content\/uploads\/podium-200x200.webp 200w, https:\/\/timgad.com\/wp-content\/uploads\/podium-400x400.webp 400w, https:\/\/timgad.com\/wp-content\/uploads\/podium.webp 600w\" sizes=\"(max-width: 640px) 100vw, 600px\" \/><\/span><\/div><\/div><\/div><div class=\"fusion-layout-column fusion_builder_column fusion-builder-column-2 fusion_builder_column_1_1 1_1 fusion-flex-column\" style=\"--awb-bg-size:cover;--awb-width-large:100%;--awb-margin-top-large:0px;--awb-spacing-right-large:1.92%;--awb-margin-bottom-large:10px;--awb-spacing-left-large:1.92%;--awb-width-medium:100%;--awb-order-medium:0;--awb-spacing-right-medium:1.92%;--awb-spacing-left-medium:1.92%;--awb-width-small:100%;--awb-order-small:0;--awb-spacing-right-small:1.92%;--awb-spacing-left-small:1.92%;\" data-scroll-devices=\"small-visibility,medium-visibility,large-visibility\"><div class=\"fusion-column-wrapper fusion-column-has-shadow fusion-flex-justify-content-flex-start fusion-content-layout-column\"><div class=\"fusion-title title fusion-title-1 fusion-sep-none fusion-title-center fusion-title-text fusion-title-size-two h2mov\" style=\"--awb-margin-top-small:32px;--awb-margin-right-small:0px;--awb-margin-bottom-small:10px;--awb-margin-left-small:0px;--awb-font-size:25px;\"><h2 class=\"fusion-title-heading title-heading-center\" style=\"font-family:&quot;Montserrat&quot;;font-style:normal;font-weight:600;margin:0;text-transform:uppercase;font-size:1em;line-height:1.16;\">Enhorabona, Jan!<\/h2><\/div><\/div><\/div><div class=\"fusion-layout-column fusion_builder_column fusion-builder-column-3 fusion_builder_column_1_2 1_2 fusion-flex-column\" style=\"--awb-bg-size:cover;--awb-width-large:50%;--awb-margin-top-large:40px;--awb-spacing-right-large:3.84%;--awb-margin-bottom-large:20px;--awb-spacing-left-large:3.84%;--awb-width-medium:50%;--awb-order-medium:0;--awb-spacing-right-medium:3.84%;--awb-spacing-left-medium:3.84%;--awb-width-small:100%;--awb-order-small:0;--awb-spacing-right-small:1.92%;--awb-spacing-left-small:1.92%;\" data-scroll-devices=\"small-visibility,medium-visibility,large-visibility\"><div class=\"fusion-column-wrapper fusion-column-has-shadow fusion-flex-justify-content-center fusion-content-layout-column\"><div class=\"fusion-image-carousel fusion-image-carousel-auto fusion-image-carousel-1\"><div class=\"awb-carousel awb-swiper awb-swiper-carousel awb-carousel--carousel awb-swiper-dots-position-bottom\" data-layout=\"carousel\" data-autoplay=\"yes\" data-autoplayspeed=\"2500\" data-autoplaypause=\"no\" data-loop=\"yes\" data-columns=\"1\" data-columnsmedium=\"1\" data-columnssmall=\"1\" data-itemmargin=\"13\" data-itemwidth=\"180\" data-touchscroll=\"no\" data-freemode=\"no\" data-imagesize=\"auto\" data-scrollitems=\"0\" data-centeredslides=\"no\" data-rotationangle=\"50\" data-depth=\"100\" data-speed=\"500\" data-shadow=\"no\" data-pagination=\"bullets\" style=\"--awb-columns:1;\"><div class=\"swiper-wrapper awb-image-carousel-wrapper fusion-flex-align-items-stretch\"><div class=\"swiper-slide\"><div class=\"fusion-carousel-item-wrapper\"><div class=\"fusion-image-wrapper hover-type-none\"><img decoding=\"async\" width=\"600\" height=\"600\" src=\"https:\/\/timgad.com\/wp-content\/uploads\/jan-montanya-cerca.webp\" class=\"attachment-full size-full\" alt=\"jan-isla\" srcset=\"https:\/\/timgad.com\/wp-content\/uploads\/jan-montanya-cerca-66x66.webp 66w, https:\/\/timgad.com\/wp-content\/uploads\/jan-montanya-cerca-150x150.webp 150w, https:\/\/timgad.com\/wp-content\/uploads\/jan-montanya-cerca-200x200.webp 200w, https:\/\/timgad.com\/wp-content\/uploads\/jan-montanya-cerca-300x300.webp 300w, https:\/\/timgad.com\/wp-content\/uploads\/jan-montanya-cerca-400x400.webp 400w, https:\/\/timgad.com\/wp-content\/uploads\/jan-montanya-cerca.webp 600w\" sizes=\"(max-width: 600px) 100vw, 600px\" \/><\/div><\/div><\/div><div class=\"swiper-slide\"><div class=\"fusion-carousel-item-wrapper\"><div class=\"fusion-image-wrapper hover-type-none\"><img decoding=\"async\" width=\"600\" height=\"600\" src=\"https:\/\/timgad.com\/wp-content\/uploads\/jan-montanya-lejos.webp\" class=\"attachment-full size-full\" alt=\"Jan Isla conquista la Cursa Interempreses Can Gavarra 2024\" srcset=\"https:\/\/timgad.com\/wp-content\/uploads\/jan-montanya-lejos-66x66.webp 66w, https:\/\/timgad.com\/wp-content\/uploads\/jan-montanya-lejos-150x150.webp 150w, https:\/\/timgad.com\/wp-content\/uploads\/jan-montanya-lejos-200x200.webp 200w, https:\/\/timgad.com\/wp-content\/uploads\/jan-montanya-lejos-300x300.webp 300w, https:\/\/timgad.com\/wp-content\/uploads\/jan-montanya-lejos-400x400.webp 400w, https:\/\/timgad.com\/wp-content\/uploads\/jan-montanya-lejos.webp 600w\" sizes=\"(max-width: 600px) 100vw, 600px\" \/><\/div><\/div><\/div><div class=\"swiper-slide\"><div class=\"fusion-carousel-item-wrapper\"><div class=\"fusion-image-wrapper hover-type-none\"><img decoding=\"async\" width=\"600\" height=\"600\" src=\"https:\/\/timgad.com\/wp-content\/uploads\/salida.webp\" class=\"attachment-full size-full\" alt=\"Jan Isla conquista la Cursa Interempreses Can Gavarra 2024\" srcset=\"https:\/\/timgad.com\/wp-content\/uploads\/salida-66x66.webp 66w, https:\/\/timgad.com\/wp-content\/uploads\/salida-150x150.webp 150w, https:\/\/timgad.com\/wp-content\/uploads\/salida-200x200.webp 200w, https:\/\/timgad.com\/wp-content\/uploads\/salida-300x300.webp 300w, https:\/\/timgad.com\/wp-content\/uploads\/salida-400x400.webp 400w, https:\/\/timgad.com\/wp-content\/uploads\/salida.webp 600w\" sizes=\"(max-width: 600px) 100vw, 600px\" \/><\/div><\/div><\/div><div class=\"swiper-slide\"><div class=\"fusion-carousel-item-wrapper\"><div class=\"fusion-image-wrapper hover-type-none\"><img decoding=\"async\" width=\"600\" height=\"600\" src=\"https:\/\/timgad.com\/wp-content\/uploads\/jan-montanya.webp\" class=\"attachment-full size-full\" alt=\"Jan Isla conquista la Cursa Interempreses Can Gavarra 2024\" srcset=\"https:\/\/timgad.com\/wp-content\/uploads\/jan-montanya-66x66.webp 66w, https:\/\/timgad.com\/wp-content\/uploads\/jan-montanya-150x150.webp 150w, https:\/\/timgad.com\/wp-content\/uploads\/jan-montanya-200x200.webp 200w, https:\/\/timgad.com\/wp-content\/uploads\/jan-montanya-300x300.webp 300w, https:\/\/timgad.com\/wp-content\/uploads\/jan-montanya-400x400.webp 400w, https:\/\/timgad.com\/wp-content\/uploads\/jan-montanya.webp 600w\" sizes=\"(max-width: 600px) 100vw, 600px\" \/><\/div><\/div><\/div><\/div><div class=\"awb-swiper-button awb-swiper-button-prev\"><i class=\"awb-icon-angle-left\" aria-hidden=\"true\"><\/i><\/div><div class=\"awb-swiper-button awb-swiper-button-next\"><i class=\"awb-icon-angle-right\" aria-hidden=\"true\"><\/i><\/div><\/div><\/div><\/div><\/div><div class=\"fusion-layout-column fusion_builder_column fusion-builder-column-4 fusion_builder_column_1_2 1_2 fusion-flex-column fusion-flex-align-self-center\" style=\"--awb-bg-size:cover;--awb-width-large:50%;--awb-margin-top-large:0px;--awb-spacing-right-large:3.84%;--awb-margin-bottom-large:20px;--awb-spacing-left-large:3.84%;--awb-width-medium:50%;--awb-order-medium:0;--awb-spacing-right-medium:3.84%;--awb-spacing-left-medium:3.84%;--awb-width-small:100%;--awb-order-small:0;--awb-spacing-right-small:1.92%;--awb-spacing-left-small:1.92%;\" data-scroll-devices=\"small-visibility,medium-visibility,large-visibility\"><div class=\"fusion-column-wrapper fusion-column-has-shadow fusion-flex-justify-content-center fusion-content-layout-column\"><div class=\"fusion-text fusion-text-2\" style=\"--awb-content-alignment:justify;--awb-text-transform:none;\"><p>Aquest triomf \u00e9s un exemple de la passi\u00f3 i l&#8217;esfor\u00e7 que caracteritzen als nostres joves talents. A <strong>Timgad<\/strong>, estem conven\u00e7uts que el Jan t\u00e9 un futur brillant i seguirem al seu costat per a veure&#8217;l aconseguir totes les seves metes.<\/p>\n<p><strong>Timgad<\/strong>, comprom\u00e8s amb l&#8217;esport i el talent jove.<\/p>\n<\/div><\/div><\/div><\/div><\/div>\n","protected":false},"excerpt":{"rendered":"<p>Nos enorgullece respaldar el talento y el esfuerzo de un joven atleta de 16 a\u00f1os en su primera carrera, Jan Isla.<\/p>\n","protected":false},"author":1,"featured_media":5630,"comment_status":"closed","ping_status":"closed","sticky":false,"template":"","format":"standard","meta":{"footnotes":""},"categories":[39],"tags":[],"class_list":["post-5645","post","type-post","status-publish","format-standard","has-post-thumbnail","hentry","category-actualitat"],"yoast_head":"<!-- This site is optimized with the Yoast SEO plugin v27.4 - https:\/\/yoast.com\/product\/yoast-seo-wordpress\/ -->\n<title>En Jan Isla conquesta la Cursa Interempreses 2024 | Timgad<\/title>\n<meta name=\"description\" content=\"Aquest patrocini \u00e9s un s\u00edmbol del nostre comprom\u00eds amb el desenvolupament personal i el suport a les passions individuals dels nostres col\u00b7laboradors.\" \/>\n<meta name=\"robots\" content=\"index, follow, max-snippet:-1, max-image-preview:large, max-video-preview:-1\" \/>\n<link rel=\"canonical\" href=\"https:\/\/timgad.com\/ca\/en-jan-isla-conquesta-la-cursa-interempreses-can-gavarra-2024\/\" \/>\n<meta property=\"og:locale\" content=\"ca_ES\" \/>\n<meta property=\"og:type\" content=\"article\" \/>\n<meta property=\"og:title\" content=\"En Jan Isla conquesta la Cursa Interempreses 2024 | Timgad\" \/>\n<meta property=\"og:description\" content=\"Aquest patrocini \u00e9s un s\u00edmbol del nostre comprom\u00eds amb el desenvolupament personal i el suport a les passions individuals dels nostres col\u00b7laboradors.\" \/>\n<meta property=\"og:url\" content=\"https:\/\/timgad.com\/ca\/en-jan-isla-conquesta-la-cursa-interempreses-can-gavarra-2024\/\" \/>\n<meta property=\"og:site_name\" content=\"Palets y embalajes de madera a medida TIMGAD\" \/>\n<meta property=\"article:published_time\" content=\"2024-05-15T09:45:23+00:00\" \/>\n<meta property=\"article:modified_time\" content=\"2024-05-15T09:57:38+00:00\" \/>\n<meta property=\"og:image\" content=\"https:\/\/timgad.com\/wp-content\/uploads\/jan-montanya-cerca.webp\" \/>\n\t<meta property=\"og:image:width\" content=\"600\" \/>\n\t<meta property=\"og:image:height\" content=\"600\" \/>\n\t<meta property=\"og:image:type\" content=\"image\/webp\" \/>\n<meta name=\"author\" content=\"Timgad\" \/>\n<meta name=\"twitter:card\" content=\"summary_large_image\" \/>\n<meta name=\"twitter:label1\" content=\"Escrit per\" \/>\n\t<meta name=\"twitter:data1\" content=\"Timgad\" \/>\n\t<meta name=\"twitter:label2\" content=\"Temps estimat de lectura\" \/>\n\t<meta name=\"twitter:data2\" content=\"2 minutes\" \/>\n<script type=\"application\/ld+json\" class=\"yoast-schema-graph\">{\"@context\":\"https:\\\/\\\/schema.org\",\"@graph\":[{\"@type\":[\"Article\",\"BlogPosting\"],\"@id\":\"https:\\\/\\\/timgad.com\\\/ca\\\/en-jan-isla-conquesta-la-cursa-interempreses-can-gavarra-2024\\\/#article\",\"isPartOf\":{\"@id\":\"https:\\\/\\\/timgad.com\\\/ca\\\/en-jan-isla-conquesta-la-cursa-interempreses-can-gavarra-2024\\\/\"},\"author\":{\"name\":\"Timgad\",\"@id\":\"https:\\\/\\\/timgad.com\\\/ca\\\/#\\\/schema\\\/person\\\/cbc65a1193173bbedf60427e8a830159\"},\"headline\":\"En Jan Isla conquesta la Cursa Interempreses Can Gavarra 2024\",\"datePublished\":\"2024-05-15T09:45:23+00:00\",\"dateModified\":\"2024-05-15T09:57:38+00:00\",\"mainEntityOfPage\":{\"@id\":\"https:\\\/\\\/timgad.com\\\/ca\\\/en-jan-isla-conquesta-la-cursa-interempreses-can-gavarra-2024\\\/\"},\"wordCount\":4149,\"publisher\":{\"@id\":\"https:\\\/\\\/timgad.com\\\/ca\\\/#organization\"},\"image\":{\"@id\":\"https:\\\/\\\/timgad.com\\\/ca\\\/en-jan-isla-conquesta-la-cursa-interempreses-can-gavarra-2024\\\/#primaryimage\"},\"thumbnailUrl\":\"https:\\\/\\\/timgad.com\\\/wp-content\\\/uploads\\\/jan-montanya-cerca.webp\",\"articleSection\":[\"Actualitat\"],\"inLanguage\":\"ca\"},{\"@type\":\"WebPage\",\"@id\":\"https:\\\/\\\/timgad.com\\\/ca\\\/en-jan-isla-conquesta-la-cursa-interempreses-can-gavarra-2024\\\/\",\"url\":\"https:\\\/\\\/timgad.com\\\/ca\\\/en-jan-isla-conquesta-la-cursa-interempreses-can-gavarra-2024\\\/\",\"name\":\"En Jan Isla conquesta la Cursa Interempreses 2024 | Timgad\",\"isPartOf\":{\"@id\":\"https:\\\/\\\/timgad.com\\\/ca\\\/#website\"},\"primaryImageOfPage\":{\"@id\":\"https:\\\/\\\/timgad.com\\\/ca\\\/en-jan-isla-conquesta-la-cursa-interempreses-can-gavarra-2024\\\/#primaryimage\"},\"image\":{\"@id\":\"https:\\\/\\\/timgad.com\\\/ca\\\/en-jan-isla-conquesta-la-cursa-interempreses-can-gavarra-2024\\\/#primaryimage\"},\"thumbnailUrl\":\"https:\\\/\\\/timgad.com\\\/wp-content\\\/uploads\\\/jan-montanya-cerca.webp\",\"datePublished\":\"2024-05-15T09:45:23+00:00\",\"dateModified\":\"2024-05-15T09:57:38+00:00\",\"description\":\"Aquest patrocini \u00e9s un s\u00edmbol del nostre comprom\u00eds amb el desenvolupament personal i el suport a les passions individuals dels nostres col\u00b7laboradors.\",\"breadcrumb\":{\"@id\":\"https:\\\/\\\/timgad.com\\\/ca\\\/en-jan-isla-conquesta-la-cursa-interempreses-can-gavarra-2024\\\/#breadcrumb\"},\"inLanguage\":\"ca\",\"potentialAction\":[{\"@type\":\"ReadAction\",\"target\":[\"https:\\\/\\\/timgad.com\\\/ca\\\/en-jan-isla-conquesta-la-cursa-interempreses-can-gavarra-2024\\\/\"]}]},{\"@type\":\"ImageObject\",\"inLanguage\":\"ca\",\"@id\":\"https:\\\/\\\/timgad.com\\\/ca\\\/en-jan-isla-conquesta-la-cursa-interempreses-can-gavarra-2024\\\/#primaryimage\",\"url\":\"https:\\\/\\\/timgad.com\\\/wp-content\\\/uploads\\\/jan-montanya-cerca.webp\",\"contentUrl\":\"https:\\\/\\\/timgad.com\\\/wp-content\\\/uploads\\\/jan-montanya-cerca.webp\",\"width\":600,\"height\":600,\"caption\":\"jan-isla\"},{\"@type\":\"BreadcrumbList\",\"@id\":\"https:\\\/\\\/timgad.com\\\/ca\\\/en-jan-isla-conquesta-la-cursa-interempreses-can-gavarra-2024\\\/#breadcrumb\",\"itemListElement\":[{\"@type\":\"ListItem\",\"position\":1,\"name\":\"Portada\",\"item\":\"https:\\\/\\\/timgad.com\\\/ca\\\/\"},{\"@type\":\"ListItem\",\"position\":2,\"name\":\"En Jan Isla conquesta la Cursa Interempreses Can Gavarra 2024\"}]},{\"@type\":\"WebSite\",\"@id\":\"https:\\\/\\\/timgad.com\\\/ca\\\/#website\",\"url\":\"https:\\\/\\\/timgad.com\\\/ca\\\/\",\"name\":\"Palets y embalajes de madera a medida TIMGAD\",\"description\":\"Podemos asegurarle que en Timgad encontrar\u00e1 la soluci\u00f3n de equipamiento de palets y embalajes de madera que est\u00e1 buscando su empresa.\",\"publisher\":{\"@id\":\"https:\\\/\\\/timgad.com\\\/ca\\\/#organization\"},\"potentialAction\":[{\"@type\":\"SearchAction\",\"target\":{\"@type\":\"EntryPoint\",\"urlTemplate\":\"https:\\\/\\\/timgad.com\\\/ca\\\/?s={search_term_string}\"},\"query-input\":{\"@type\":\"PropertyValueSpecification\",\"valueRequired\":true,\"valueName\":\"search_term_string\"}}],\"inLanguage\":\"ca\"},{\"@type\":\"Organization\",\"@id\":\"https:\\\/\\\/timgad.com\\\/ca\\\/#organization\",\"name\":\"Timgad, S.A.\",\"url\":\"https:\\\/\\\/timgad.com\\\/ca\\\/\",\"logo\":{\"@type\":\"ImageObject\",\"inLanguage\":\"ca\",\"@id\":\"https:\\\/\\\/timgad.com\\\/ca\\\/#\\\/schema\\\/logo\\\/image\\\/\",\"url\":\"https:\\\/\\\/timgad.com\\\/wp-content\\\/uploads\\\/35-anys-timgad-footer.webp\",\"contentUrl\":\"https:\\\/\\\/timgad.com\\\/wp-content\\\/uploads\\\/35-anys-timgad-footer.webp\",\"width\":351,\"height\":115,\"caption\":\"Timgad, S.A.\"},\"image\":{\"@id\":\"https:\\\/\\\/timgad.com\\\/ca\\\/#\\\/schema\\\/logo\\\/image\\\/\"}},{\"@type\":\"Person\",\"@id\":\"https:\\\/\\\/timgad.com\\\/ca\\\/#\\\/schema\\\/person\\\/cbc65a1193173bbedf60427e8a830159\",\"name\":\"Timgad\",\"url\":\"https:\\\/\\\/Timgad.com\\\/ca\\\/author\\\/Timgad\\\/\"}]}<\/script>\n<!-- \/ Yoast SEO plugin. -->","yoast_head_json":{"title":"En Jan Isla conquesta la Cursa Interempreses 2024 | Timgad","description":"Aquest patrocini \u00e9s un s\u00edmbol del nostre comprom\u00eds amb el desenvolupament personal i el suport a les passions individuals dels nostres col\u00b7laboradors.","robots":{"index":"index","follow":"follow","max-snippet":"max-snippet:-1","max-image-preview":"max-image-preview:large","max-video-preview":"max-video-preview:-1"},"canonical":"https:\/\/timgad.com\/ca\/en-jan-isla-conquesta-la-cursa-interempreses-can-gavarra-2024\/","og_locale":"ca_ES","og_type":"article","og_title":"En Jan Isla conquesta la Cursa Interempreses 2024 | Timgad","og_description":"Aquest patrocini \u00e9s un s\u00edmbol del nostre comprom\u00eds amb el desenvolupament personal i el suport a les passions individuals dels nostres col\u00b7laboradors.","og_url":"https:\/\/timgad.com\/ca\/en-jan-isla-conquesta-la-cursa-interempreses-can-gavarra-2024\/","og_site_name":"Palets y embalajes de madera a medida TIMGAD","article_published_time":"2024-05-15T09:45:23+00:00","article_modified_time":"2024-05-15T09:57:38+00:00","og_image":[{"width":600,"height":600,"url":"https:\/\/timgad.com\/wp-content\/uploads\/jan-montanya-cerca.webp","type":"image\/webp"}],"author":"Timgad","twitter_card":"summary_large_image","twitter_misc":{"Escrit per":"Timgad","Temps estimat de lectura":"2 minutes"},"schema":{"@context":"https:\/\/schema.org","@graph":[{"@type":["Article","BlogPosting"],"@id":"https:\/\/timgad.com\/ca\/en-jan-isla-conquesta-la-cursa-interempreses-can-gavarra-2024\/#article","isPartOf":{"@id":"https:\/\/timgad.com\/ca\/en-jan-isla-conquesta-la-cursa-interempreses-can-gavarra-2024\/"},"author":{"name":"Timgad","@id":"https:\/\/timgad.com\/ca\/#\/schema\/person\/cbc65a1193173bbedf60427e8a830159"},"headline":"En Jan Isla conquesta la Cursa Interempreses Can Gavarra 2024","datePublished":"2024-05-15T09:45:23+00:00","dateModified":"2024-05-15T09:57:38+00:00","mainEntityOfPage":{"@id":"https:\/\/timgad.com\/ca\/en-jan-isla-conquesta-la-cursa-interempreses-can-gavarra-2024\/"},"wordCount":4149,"publisher":{"@id":"https:\/\/timgad.com\/ca\/#organization"},"image":{"@id":"https:\/\/timgad.com\/ca\/en-jan-isla-conquesta-la-cursa-interempreses-can-gavarra-2024\/#primaryimage"},"thumbnailUrl":"https:\/\/timgad.com\/wp-content\/uploads\/jan-montanya-cerca.webp","articleSection":["Actualitat"],"inLanguage":"ca"},{"@type":"WebPage","@id":"https:\/\/timgad.com\/ca\/en-jan-isla-conquesta-la-cursa-interempreses-can-gavarra-2024\/","url":"https:\/\/timgad.com\/ca\/en-jan-isla-conquesta-la-cursa-interempreses-can-gavarra-2024\/","name":"En Jan Isla conquesta la Cursa Interempreses 2024 | Timgad","isPartOf":{"@id":"https:\/\/timgad.com\/ca\/#website"},"primaryImageOfPage":{"@id":"https:\/\/timgad.com\/ca\/en-jan-isla-conquesta-la-cursa-interempreses-can-gavarra-2024\/#primaryimage"},"image":{"@id":"https:\/\/timgad.com\/ca\/en-jan-isla-conquesta-la-cursa-interempreses-can-gavarra-2024\/#primaryimage"},"thumbnailUrl":"https:\/\/timgad.com\/wp-content\/uploads\/jan-montanya-cerca.webp","datePublished":"2024-05-15T09:45:23+00:00","dateModified":"2024-05-15T09:57:38+00:00","description":"Aquest patrocini \u00e9s un s\u00edmbol del nostre comprom\u00eds amb el desenvolupament personal i el suport a les passions individuals dels nostres col\u00b7laboradors.","breadcrumb":{"@id":"https:\/\/timgad.com\/ca\/en-jan-isla-conquesta-la-cursa-interempreses-can-gavarra-2024\/#breadcrumb"},"inLanguage":"ca","potentialAction":[{"@type":"ReadAction","target":["https:\/\/timgad.com\/ca\/en-jan-isla-conquesta-la-cursa-interempreses-can-gavarra-2024\/"]}]},{"@type":"ImageObject","inLanguage":"ca","@id":"https:\/\/timgad.com\/ca\/en-jan-isla-conquesta-la-cursa-interempreses-can-gavarra-2024\/#primaryimage","url":"https:\/\/timgad.com\/wp-content\/uploads\/jan-montanya-cerca.webp","contentUrl":"https:\/\/timgad.com\/wp-content\/uploads\/jan-montanya-cerca.webp","width":600,"height":600,"caption":"jan-isla"},{"@type":"BreadcrumbList","@id":"https:\/\/timgad.com\/ca\/en-jan-isla-conquesta-la-cursa-interempreses-can-gavarra-2024\/#breadcrumb","itemListElement":[{"@type":"ListItem","position":1,"name":"Portada","item":"https:\/\/timgad.com\/ca\/"},{"@type":"ListItem","position":2,"name":"En Jan Isla conquesta la Cursa Interempreses Can Gavarra 2024"}]},{"@type":"WebSite","@id":"https:\/\/timgad.com\/ca\/#website","url":"https:\/\/timgad.com\/ca\/","name":"Palets y embalajes de madera a medida TIMGAD","description":"Podemos asegurarle que en Timgad encontrar\u00e1 la soluci\u00f3n de equipamiento de palets y embalajes de madera que est\u00e1 buscando su empresa.","publisher":{"@id":"https:\/\/timgad.com\/ca\/#organization"},"potentialAction":[{"@type":"SearchAction","target":{"@type":"EntryPoint","urlTemplate":"https:\/\/timgad.com\/ca\/?s={search_term_string}"},"query-input":{"@type":"PropertyValueSpecification","valueRequired":true,"valueName":"search_term_string"}}],"inLanguage":"ca"},{"@type":"Organization","@id":"https:\/\/timgad.com\/ca\/#organization","name":"Timgad, S.A.","url":"https:\/\/timgad.com\/ca\/","logo":{"@type":"ImageObject","inLanguage":"ca","@id":"https:\/\/timgad.com\/ca\/#\/schema\/logo\/image\/","url":"https:\/\/timgad.com\/wp-content\/uploads\/35-anys-timgad-footer.webp","contentUrl":"https:\/\/timgad.com\/wp-content\/uploads\/35-anys-timgad-footer.webp","width":351,"height":115,"caption":"Timgad, S.A."},"image":{"@id":"https:\/\/timgad.com\/ca\/#\/schema\/logo\/image\/"}},{"@type":"Person","@id":"https:\/\/timgad.com\/ca\/#\/schema\/person\/cbc65a1193173bbedf60427e8a830159","name":"Timgad","url":"https:\/\/Timgad.com\/ca\/author\/Timgad\/"}]}},"_links":{"self":[{"href":"https:\/\/timgad.com\/ca\/wp-json\/wp\/v2\/posts\/5645","targetHints":{"allow":["GET"]}}],"collection":[{"href":"https:\/\/timgad.com\/ca\/wp-json\/wp\/v2\/posts"}],"about":[{"href":"https:\/\/timgad.com\/ca\/wp-json\/wp\/v2\/types\/post"}],"author":[{"embeddable":true,"href":"https:\/\/timgad.com\/ca\/wp-json\/wp\/v2\/users\/1"}],"replies":[{"embeddable":true,"href":"https:\/\/timgad.com\/ca\/wp-json\/wp\/v2\/comments?post=5645"}],"version-history":[{"count":3,"href":"https:\/\/timgad.com\/ca\/wp-json\/wp\/v2\/posts\/5645\/revisions"}],"predecessor-version":[{"id":5648,"href":"https:\/\/timgad.com\/ca\/wp-json\/wp\/v2\/posts\/5645\/revisions\/5648"}],"wp:featuredmedia":[{"embeddable":true,"href":"https:\/\/timgad.com\/ca\/wp-json\/wp\/v2\/media\/5630"}],"wp:attachment":[{"href":"https:\/\/timgad.com\/ca\/wp-json\/wp\/v2\/media?parent=5645"}],"wp:term":[{"taxonomy":"category","embeddable":true,"href":"https:\/\/timgad.com\/ca\/wp-json\/wp\/v2\/categories?post=5645"},{"taxonomy":"post_tag","embeddable":true,"href":"https:\/\/timgad.com\/ca\/wp-json\/wp\/v2\/tags?post=5645"}],"curies":[{"name":"wp","href":"https:\/\/api.w.org\/{rel}","templated":true}]}}